{"id":3114,"date":"2023-09-03T18:15:09","date_gmt":"2023-09-03T18:15:09","guid":{"rendered":"https:\/\/judith-it.nl\/?p=3114"},"modified":"2023-09-03T18:15:09","modified_gmt":"2023-09-03T18:15:09","slug":"world-suicide-prevention-day","status":"publish","type":"post","link":"https:\/\/judith-it.nl\/?p=3114","title":{"rendered":"World su\u00efcide prevention day"},"content":{"rendered":"<div class=\"wp-block-image\">\n<figure class=\"aligncenter size-large is-resized\"><img loading=\"lazy\" decoding=\"async\" src=\"https:\/\/judith-it.nl\/wp-content\/uploads\/2023\/09\/suicide-awareness-4-1024x768.jpg\" alt=\"\" class=\"wp-image-3115\" style=\"width:599px;height:449px\" width=\"599\" height=\"449\" srcset=\"https:\/\/judith-it.nl\/wp-content\/uploads\/2023\/09\/suicide-awareness-4-1024x768.jpg 1024w, https:\/\/judith-it.nl\/wp-content\/uploads\/2023\/09\/suicide-awareness-4-300x225.jpg 300w, https:\/\/judith-it.nl\/wp-content\/uploads\/2023\/09\/suicide-awareness-4-768x576.jpg 768w, https:\/\/judith-it.nl\/wp-content\/uploads\/2023\/09\/suicide-awareness-4-360x270.jpg 360w, https:\/\/judith-it.nl\/wp-content\/uploads\/2023\/09\/suicide-awareness-4.jpg 1191w\" sizes=\"auto, (max-width: 599px) 100vw, 599px\" \/><\/figure>\n<\/div>\n\n\n<p>Op zondag 10 september is het World Su\u00efcide Prevention Day. Een dag waarbij ik altijd even stil sta bij de betekenis van su\u00efcide. Het voert me weer terug naar het hartverscheurende moment dat mijn vader me kwam vertellen dat mama er niet meer was. Ze stierf een zelfverkozen dood. Ja, dat noem ik bewust zo, want \u2018zelfmoord\u2019 vind ik een misplaatste term die niet past bij de lijdensweg die zij voorafgaand aan haar dood onderging.<\/p>\n\n\n\n<figure class=\"wp-block-pullquote\"><blockquote><p>&#8221; \u2018Zelfmoord\u2019 vind ik een misplaatste term die niet past bij de lijdensweg die zij voorafgaand aan haar dood onderging.&#8221;<\/p><cite>Judith Evelien<\/cite><\/blockquote><\/figure>\n\n\n\n<p><br>Hoezo dan? Ze pleegde toch ook gewoon zelfmoord? Allereerst vind ik \u2018zelfmoord\u2019 verre van gewoon. Ze vermoordde haar uitzichtloze lijden. Ze vermoordde haar eenzaamheid. Ze vermoordde het onbegrip. Ze vermoordde haar onmacht en ze vermoordde haar pijn. Met de harde hand. Maar ze vermoordde niet zichzelf. Ze stierf in haar hunkering naar rust. Ze stierf omdat de hunkering naar het stoppen van haar lijden, haar eenzaamheid, het onbegrip, de onmacht en de onuitputtelijke pijn die daaruit voortvloeide, haar, haar leven kostte. Ze verloor de strijd van een zogeheten sluipmoordenaar. Niet voor haar, wel voor de omgeving en iedereen die niets begrijpt van deze kille moordenaar. Nee, dat deed ze niet zelf. Het was haar ziekte.<\/p>\n\n\n\n<h4 class=\"wp-block-heading\">Alles wat lijfelijk is, is begrijpelijk<\/h4>\n\n\n\n<p>Zij was toch degene die zelfmoord\u2026 eh,\u2026 uit het leven stapte? Ok\u00e9, stel je eens voor dat we het over een fysieke ziekte hebben. Hoe gaat men dat dan te lijf? Gebeurt er dan niet exact hetzelfde als bovengenoemde? In dat geval is er ook geen sprake van zelfmoord toch? Dan is er sprake van een intens verdrietige situatie waarin iemand de strijd verloor. Het zou helpen als we ook zo kunnen kijken naar mentaal- en psychisch lijden. Neem alleen al de uitdrukking; \u2018\u2019Te lijf gaan.\u2019\u2019 Alles wat lijfelijk is, is begrijpelijk. Alles wat in ons pannetje gebeurt is dat niet. Een pannetje kan overkoken, zoals een lijf overbelast kan raken. In het slechtste geval overkomt het je beiden tegelijkertijd. Een goede balans tussen mentaal vitaal en lichamelijk vitaal is daarom heel belangrijk, het houdt elkaar in evenwicht.<\/p>\n\n\n\n<h4 class=\"wp-block-heading\">Mentaal en fysiek zijn samen \u00e9\u00e9n<\/h4>\n\n\n\n<p>Ja maar, mentale strijd en lichamelijke strijd is toch niet met elkaar te vergelijken? Nee, zeker niet. Zo moet je dat ook niet zien, want het is samen \u00e9\u00e9n. Het een kan niet zonder het ander. Mentaal en fysiek vormen samen je algehele gezondheid. Als het samen \u00e9\u00e9n is, dan valt er niets te vergelijken. Dat heeft totaal geen zin en heeft totaal geen meerwaarde. Het hoort bij elkaar! Eigenlijk slaat een vergelijking helemaal nergens op. Als een lul op een\u2026eh, pardon\u2026 als een tang op een varken. We moeten ons pannetje en ons lijf als \u00e9\u00e9n geheel gaan zien. Met dat lijf kun je in dat pannetje de heerlijkste gerechten fabriceren. Deze moeten wel bedacht en gecre\u00eberd worden, waar je je briljante geest dan weer voor nodig hebt. Nou ja, je snapt mijn punt wel denk ik.<\/p>\n\n\n\n<figure class=\"wp-block-pullquote\"><blockquote><p>&#8221;Kennis geeft je niet altijd de kunde om je voor te bereiden.&#8221;<\/p><cite>Judith Evelien<\/cite><\/blockquote><\/figure>\n\n\n\n<p><br>Een dag als deze voert me dus altijd weer terug naar dat hartverscheurende moment dat mijn vader me kwam vertellen dat mijn moeder er niet meer was. Ze stierf een zelfverkozen dood. Iets waarvan ik diep in mijn hart altijd al wel had geweten dat dit niet een kwestie was van \u2018of\u2019 , maar van \u2018wanneer?\u2019. Kennis geeft je niet altijd de kunde om je voor te bereiden. Zo bleek toen wel. Mijn vader kreeg helemaal niet de kans om daadwerkelijk de woorden uit te spreken dat mijn moeder dood was. Zijn blik sprak dit uit voor hem. Ik wist genoeg zodra hij \u2018\u2019Je moeder&#8230;\u2019\u2019 zei en zijn hoofd moedeloos liet hangen. Ik wist genoeg. Ik wist genoeg. Hij hoefde het niet hardop te zeggen. Ik wist genoeg. Het sloeg zo hard in dat het me niet meer lukte om op mijn benen te blijven staan en ik stortte als een hoopje ellende op de grond. Ineengedoken bleef ik liggen. Ik ondervond toen aan den lijve (Ha, weer zo\u2019n veelzeggende uitdrukking!) hoe ontzettend pijn psychische pijn kan doen! Ik voelde het overal. Mijn hoofd en lijf maakte geen onderscheid meer, er waren geen grenzen\u2026 ze waren samen \u00e9\u00e9n. Fysiek kon ik mijn geest niet meer dragen en mentaal kon ik mijn fysiek niet meer dragen. In \u00e9\u00e9n ruk werden ze uit elkaar getrokken en werd de balans wreed verstoord.<\/p>\n\n\n\n<h4 class=\"wp-block-heading\">Mijn moeder pleegde geen zelfmoord<\/h4>\n\n\n\n<p>Mijn moeder stierf een zelfverkozen dood. Ze pleegde geen zelfmoord, ze vermoordde haar pijn. Zelf. Als iedereen een beetje pijn draagt, hoeft niemand meer alleen pijn te hebben. Helen is delen.<\/p>\n\n\n\n<h4 class=\"wp-block-heading\">Lees ook:<\/h4>\n\n\n\n<p><strong><a rel=\"noreferrer noopener\" href=\"https:\/\/judith-it.nl\/?p=102\" target=\"_blank\">Praten over zelfdoding<\/a><\/strong><br><strong><a rel=\"noreferrer noopener\" href=\"https:\/\/judith-it.nl\/?p=2332\" target=\"_blank\">Omgaan met schuldgevoel na een zelfverkozen dood<\/a><\/strong><br><strong><a rel=\"noreferrer noopener\" href=\"https:\/\/judith-it.nl\/?p=2300\" target=\"_blank\">Hoe om te gaan met vooroordelen en onbegrip bij zelfdoding?<\/a><\/strong><br><strong><a rel=\"noreferrer noopener\" href=\"https:\/\/judith-it.nl\/?p=2253\" target=\"_blank\">Onderonsje: Oma wilde niet meer leven<\/a><\/strong><br><strong><a rel=\"noreferrer noopener\" href=\"https:\/\/judith-it.nl\/?p=848\" target=\"_blank\">Zelfdoding \u2013 dader of slachtoffer?<\/a><\/strong><br><strong><a rel=\"noreferrer noopener\" href=\"https:\/\/judith-it.nl\/?p=568\" target=\"_blank\">Hoe vertel je je kind over depressie?<\/a><\/strong><br><\/p>\n\n\n\n<hr class=\"wp-block-separator has-alpha-channel-opacity\"\/>\n\n\n\n<p class=\"has-text-align-center\"><strong><em>Wil je op de hoogte blijven van nieuwe publicaties? Volg mij dan ook op Instagram: @judithevelien<\/em><\/strong><\/p>\n\n\n\n<hr class=\"wp-block-separator has-alpha-channel-opacity\"\/>\n\n\n\n<figure class=\"wp-block-gallery has-nested-images columns-default is-cropped wp-block-gallery-1 is-layout-flex wp-block-gallery-is-layout-flex\">\n<figure class=\"wp-block-image size-large\"><img loading=\"lazy\" decoding=\"async\" width=\"815\" height=\"752\" data-id=\"2880\" src=\"https:\/\/judith-it.nl\/wp-content\/uploads\/2022\/07\/judithit-6.jpg\" alt=\"\" class=\"wp-image-2880\" srcset=\"https:\/\/judith-it.nl\/wp-content\/uploads\/2022\/07\/judithit-6.jpg 815w, https:\/\/judith-it.nl\/wp-content\/uploads\/2022\/07\/judithit-6-300x277.jpg 300w, https:\/\/judith-it.nl\/wp-content\/uploads\/2022\/07\/judithit-6-768x709.jpg 768w\" sizes=\"auto, (max-width: 815px) 100vw, 815px\" \/><\/figure>\n\n\n\n<figure class=\"wp-block-image size-large\"><img loading=\"lazy\" decoding=\"async\" width=\"921\" height=\"892\" data-id=\"2881\" src=\"https:\/\/judith-it.nl\/wp-content\/uploads\/2022\/07\/judithit-7.jpg\" alt=\"\" class=\"wp-image-2881\" srcset=\"https:\/\/judith-it.nl\/wp-content\/uploads\/2022\/07\/judithit-7.jpg 921w, https:\/\/judith-it.nl\/wp-content\/uploads\/2022\/07\/judithit-7-300x291.jpg 300w, https:\/\/judith-it.nl\/wp-content\/uploads\/2022\/07\/judithit-7-768x744.jpg 768w\" sizes=\"auto, (max-width: 921px) 100vw, 921px\" \/><\/figure>\n<\/figure>\n","protected":false},"excerpt":{"rendered":"<p>Op zondag 10 september is het World Su\u00efcide Prevention Day. Een dag waarbij ik altijd even stil sta bij de [&hellip;]<\/p>\n","protected":false},"author":1,"featured_media":3115,"comment_status":"open","ping_status":"open","sticky":false,"template":"","format":"standard","meta":{"_exactmetrics_skip_tracking":false,"_exactmetrics_sitenote_active":false,"_exactmetrics_sitenote_note":"","_exactmetrics_sitenote_category":0,"footnotes":""},"categories":[5],"tags":[33,182,183,186,185,211,400,648,719,718,529],"class_list":["post-3114","post","type-post","status-publish","format-standard","has-post-thumbnail","hentry","category-koppzorgen","tag-blijvendanders-113zelfmoordpreventie-mentalhealthawareness","tag-kopp-2","tag-koppkind-2","tag-koppverleden","tag-koppzorgen-2","tag-mentalegezondheid","tag-mentalhealtawareness","tag-suicide-3","tag-suicideawareness","tag-worldsuicidepreventionday","tag-zelfverkozendood"],"_links":{"self":[{"href":"https:\/\/judith-it.nl\/index.php?rest_route=\/wp\/v2\/posts\/3114","targetHints":{"allow":["GET"]}}],"collection":[{"href":"https:\/\/judith-it.nl\/index.php?rest_route=\/wp\/v2\/posts"}],"about":[{"href":"https:\/\/judith-it.nl\/index.php?rest_route=\/wp\/v2\/types\/post"}],"author":[{"embeddable":true,"href":"https:\/\/judith-it.nl\/index.php?rest_route=\/wp\/v2\/users\/1"}],"replies":[{"embeddable":true,"href":"https:\/\/judith-it.nl\/index.php?rest_route=%2Fwp%2Fv2%2Fcomments&post=3114"}],"version-history":[{"count":1,"href":"https:\/\/judith-it.nl\/index.php?rest_route=\/wp\/v2\/posts\/3114\/revisions"}],"predecessor-version":[{"id":3116,"href":"https:\/\/judith-it.nl\/index.php?rest_route=\/wp\/v2\/posts\/3114\/revisions\/3116"}],"wp:featuredmedia":[{"embeddable":true,"href":"https:\/\/judith-it.nl\/index.php?rest_route=\/wp\/v2\/media\/3115"}],"wp:attachment":[{"href":"https:\/\/judith-it.nl\/index.php?rest_route=%2Fwp%2Fv2%2Fmedia&parent=3114"}],"wp:term":[{"taxonomy":"category","embeddable":true,"href":"https:\/\/judith-it.nl\/index.php?rest_route=%2Fwp%2Fv2%2Fcategories&post=3114"},{"taxonomy":"post_tag","embeddable":true,"href":"https:\/\/judith-it.nl\/index.php?rest_route=%2Fwp%2Fv2%2Ftags&post=3114"}],"curies":[{"name":"wp","href":"https:\/\/api.w.org\/{rel}","templated":true}]}}