{"id":2994,"date":"2022-11-27T14:32:04","date_gmt":"2022-11-27T14:32:04","guid":{"rendered":"https:\/\/judith-it.nl\/?p=2994"},"modified":"2022-11-27T15:14:44","modified_gmt":"2022-11-27T15:14:44","slug":"onderonsje-ik-zie-mezelf-in-jou-14","status":"publish","type":"post","link":"https:\/\/judith-it.nl\/?p=2994","title":{"rendered":"Onderonsje: Ik zie mezelf in jou (14)"},"content":{"rendered":"<div class=\"wp-block-image\">\n<figure class=\"aligncenter size-large is-resized\"><img loading=\"lazy\" decoding=\"async\" src=\"https:\/\/judith-it.nl\/wp-content\/uploads\/2022\/11\/P1580589-kopie-kopie-1024x768.jpg\" alt=\"\" class=\"wp-image-2995\" width=\"557\" height=\"417\" srcset=\"https:\/\/judith-it.nl\/wp-content\/uploads\/2022\/11\/P1580589-kopie-kopie-1024x768.jpg 1024w, https:\/\/judith-it.nl\/wp-content\/uploads\/2022\/11\/P1580589-kopie-kopie-300x225.jpg 300w, https:\/\/judith-it.nl\/wp-content\/uploads\/2022\/11\/P1580589-kopie-kopie-768x576.jpg 768w, https:\/\/judith-it.nl\/wp-content\/uploads\/2022\/11\/P1580589-kopie-kopie-1536x1152.jpg 1536w, https:\/\/judith-it.nl\/wp-content\/uploads\/2022\/11\/P1580589-kopie-kopie-2048x1536.jpg 2048w, https:\/\/judith-it.nl\/wp-content\/uploads\/2022\/11\/P1580589-kopie-kopie-360x270.jpg 360w\" sizes=\"auto, (max-width: 557px) 100vw, 557px\" \/><figcaption class=\"wp-element-caption\">ik zie mezelf in jou<\/figcaption><\/figure>\n<\/div>\n\n\n<p>Mam? Heb je weer even voor me? Ik denk dat het weer tijd is voor een onderonsje. Als ik de laatste tijd in de spiegel kijk of foto\u2019s zie van mezelf, dan zie ik iets vertrouwds. En eerlijk? Ik vind dat geloof ik een beetje griezelig. Waarom? Nou, omdat dat vertrouwde hem zit in herkenning van jou. Naarmate ik meer jouw leeftijd bereik, ga ik steeds meer op jou lijken.<\/p>\n\n\n\n<h4 class=\"wp-block-heading\">Ik lijk toch meer op papa?<\/h4>\n\n\n\n<p>Ergens dacht ik dat ik het me verbeelde. Ik leek toch juist meer op papa? De meningen hieromtrent wisselen nogal eens in mijn omgeving hoor. De een vond meer herkenning in papa, terwijl een ander juist jou in mijn gezicht zag. Laatst kwam ik een foto van mezelf onder ogen en het leek net of jij me aankeek. Gek dat ik zo geraakt kan worden door een beeld van mezelf. Nog een paar jaar en dan heb ik dezelfde leeftijd als dat jij het leven liet.<\/p>\n\n\n\n<h4 class=\"wp-block-heading\">Wat waren jullie nog jong!<\/h4>\n\n\n\n<p>Dat grijpt mij aan. Ik realiseer me dan hoe jong je was. Toen jij mijn leeftijd nu had, had je al zoveel op je bordje gehad. Samen met papa. Laten we dat ook niet vergeten. Jullie waren beiden nog zo jong toen jullie voor het eerst te maken kregen met een psychose waarin jij verstrikt raakte. Hoewel ik dat samen met jullie meemaakte, vind ik het zo lastig voor te stellen dat ik dat zelf ook door zou maken met mijn gezin, als moeder, &nbsp;met mijn kinderen.<\/p>\n\n\n\n<h4 class=\"wp-block-heading\">Er zijn meer gelijkenissen dan ik ooit had gedacht<\/h4>\n\n\n\n<p>Hoe dan ook, ik moet er geloof ik aan wennen dat er meer gelijkenissen tussen ons zijn dan ik ooit had gedacht. Of komt dat doordat dit misschien wel iets is wat er nooit mocht zijn van mij? Omdat het te verdrietig was ofzo? Had ik het nodig om me af te kunnen sluiten voor een stukje onmacht om zo mijn eigen grenzen te kunnen bewaken? Dat valt nu stukje bij beetje van mij af. Alsof het nu niet meer zo bedreigend is en ik minder angstig ben voor de confrontatie die dat met zich meebrengt. Je voelt daardoor wat dichterbij bij me. De verbinding wordt zo aangehaald. Dat is nou juist precies wat er heel lang niet kon zijn, omdat dat was wat me altijd opslokte en mij uitlokte keer op keer over mijn grenzen heen te blijven gaan. Ik was toen nog niet zo ver dat ik mezelf dat waard vond.<br><\/p>\n\n\n\n<figure class=\"wp-block-pullquote\"><blockquote><p>&#8221;Jij mag nu dichtbij, omdat ik dichtbij mezelf ben.&#8221;<\/p><cite>Judith Evelien<\/cite><\/blockquote><\/figure>\n\n\n\n<p><br>De laatste jaren vond ik mezelf terug en kan ik steeds beter mijn eigenwaarde inschatten en daarvoor gaan staan. Belangrijke graadmeters om jou toe te kunnen laten. Mijn eigen beeld raakt me, omdat het me ontroert. Zo wordt nu duidelijk. Het ontroert me dat je dichtbij me mag. Jij mag nu dichtbij, omdat ik dichtbij mezelf ben. Ik kan mezelf nu in jou zien en ik kan jou in mij zien.<\/p>\n\n\n\n<h4 class=\"wp-block-heading\">Het vergt moed om jezelf aan te kunnen kijken <\/h4>\n\n\n\n<p>Hieruit blijkt maar weer eens hoe belangrijk het is dat je met jezelf door \u00e9\u00e9n deur kunt. Als je dat kunt, kun je dat ook met anderen. Lessen die jaren op zich lieten wachten. Goh mam, wist jij het belang hier ook maar van. Het vergt moed om jezelf aan te kunnen kijken. Volgens mij wist jij dat. Ik zie nu twee gezichten in \u00e9\u00e9n beeld. Omdat het nu ok\u00e9 is en ik bij mezelf kan blijven. Ik ben niet jou en jij bent niet mij. Hoewel dat afstand schept, geeft dat ook verbinding. Beiden kan ik nu toelaten. Allemaal dingen die door mijn hoofd heen flitsen wanneer ik die herkenning in de spiegel zie. Alsof jij het bent die terugkijkt.<\/p>\n\n\n\n<h4 class=\"wp-block-heading\">Lees ook:<\/h4>\n\n\n\n<p><strong><a rel=\"noreferrer noopener\" href=\"https:\/\/judith-it.nl\/?p=1393\" target=\"_blank\">Onderonsje: De herinnering houdt jou levend (1)<\/a><\/strong><br><strong><a rel=\"noreferrer noopener\" href=\"https:\/\/judith-it.nl\/?p=1431\" target=\"_blank\">Onderonsje: Ik vind jou stom! (2)<\/a><\/strong><br><strong><a rel=\"noreferrer noopener\" href=\"https:\/\/judith-it.nl\/?p=1452\" target=\"_blank\">Onderonsje: Bijna 40 zonder jou (3)<\/a><\/strong><br><strong><a rel=\"noreferrer noopener\" href=\"https:\/\/judith-it.nl\/?p=1473\" target=\"_blank\">Onderonsje: Zou jij me missen? (4)<\/a><\/strong><br><strong><a rel=\"noreferrer noopener\" href=\"https:\/\/judith-it.nl\/?p=1863\" target=\"_blank\">Onderonsje: Je bent helemaal niet dood (5)<\/a><\/strong><br><strong><a rel=\"noreferrer noopener\" href=\"https:\/\/judith-it.nl\/Oma%20wilde%20niet%20meer%20leven\" target=\"_blank\">Onderonsje: Oma wilde niet meer leven (6)<\/a><\/strong><br><strong><a rel=\"noreferrer noopener\" href=\"https:\/\/judith-it.nl\/?p=2253\" target=\"_blank\">Onderonsje: Oma wilde niet meer leven (7)<\/a><\/strong><br><strong><a rel=\"noreferrer noopener\" href=\"https:\/\/judith-it.nl\/?p=2399\" target=\"_blank\">Onderonsje: Het leven kan zo mooi zijn, maar soms ook niet (8)<\/a><\/strong><br><strong><a rel=\"noreferrer noopener\" href=\"https:\/\/judith-it.nl\/?p=2497\" target=\"_blank\">Onderonsje: Uit het oog, niet uit het hart (9)<\/a><\/strong><br><strong><a rel=\"noreferrer noopener\" href=\"https:\/\/judith-it.nl\/?p=2749\" target=\"_blank\">Onderonsje: Mam, weet je nog? (10)<\/a><\/strong><br><strong><a rel=\"noreferrer noopener\" href=\"https:\/\/judith-it.nl\/?p=2787\" target=\"_blank\">Onderonsje: Kinderlijke veerkrachtigheid (11)<\/a><\/strong><br><strong><a rel=\"noreferrer noopener\" href=\"https:\/\/judith-it.nl\/?p=2811\" target=\"_blank\">Onderonsje: Uit het hoofd maar niet uit het hart (12)<\/a><\/strong><br><strong><a href=\"https:\/\/judith-it.nl\/?p=2918\" target=\"_blank\" rel=\"noreferrer noopener\">Onderonsje: Jouw laatste woorden waren niet voor mij (13)<\/a><\/strong><\/p>\n\n\n\n<hr class=\"wp-block-separator has-alpha-channel-opacity\"\/>\n\n\n\n<p class=\"has-text-align-center\"><strong><em>Wil je op de hoogte blijven van nieuwe publicaties? Volg mij dan ook op Instagram: @judithevelien<\/em><\/strong><\/p>\n\n\n\n<hr class=\"wp-block-separator has-alpha-channel-opacity\"\/>\n\n\n\n<figure class=\"wp-block-gallery has-nested-images columns-default is-cropped wp-block-gallery-1 is-layout-flex wp-block-gallery-is-layout-flex\">\n<figure class=\"wp-block-image size-large\"><img loading=\"lazy\" decoding=\"async\" width=\"815\" height=\"752\" data-id=\"2880\" src=\"https:\/\/judith-it.nl\/wp-content\/uploads\/2022\/07\/judithit-6.jpg\" alt=\"\" class=\"wp-image-2880\" srcset=\"https:\/\/judith-it.nl\/wp-content\/uploads\/2022\/07\/judithit-6.jpg 815w, https:\/\/judith-it.nl\/wp-content\/uploads\/2022\/07\/judithit-6-300x277.jpg 300w, https:\/\/judith-it.nl\/wp-content\/uploads\/2022\/07\/judithit-6-768x709.jpg 768w\" sizes=\"auto, (max-width: 815px) 100vw, 815px\" \/><\/figure>\n\n\n\n<figure class=\"wp-block-image size-large\"><img loading=\"lazy\" decoding=\"async\" width=\"921\" height=\"892\" data-id=\"2881\" src=\"https:\/\/judith-it.nl\/wp-content\/uploads\/2022\/07\/judithit-7.jpg\" alt=\"\" class=\"wp-image-2881\" srcset=\"https:\/\/judith-it.nl\/wp-content\/uploads\/2022\/07\/judithit-7.jpg 921w, https:\/\/judith-it.nl\/wp-content\/uploads\/2022\/07\/judithit-7-300x291.jpg 300w, https:\/\/judith-it.nl\/wp-content\/uploads\/2022\/07\/judithit-7-768x744.jpg 768w\" sizes=\"auto, (max-width: 921px) 100vw, 921px\" \/><\/figure>\n<\/figure>\n","protected":false},"excerpt":{"rendered":"<p>Mam? Heb je weer even voor me? Ik denk dat het weer tijd is voor een onderonsje. Als ik de [&hellip;]<\/p>\n","protected":false},"author":1,"featured_media":2995,"comment_status":"open","ping_status":"open","sticky":false,"template":"","format":"standard","meta":{"_exactmetrics_skip_tracking":false,"_exactmetrics_sitenote_active":false,"_exactmetrics_sitenote_note":"","_exactmetrics_sitenote_category":0,"footnotes":""},"categories":[5],"tags":[179,182,183,186,184,185,345,211,301,334,300,648,269,529,649],"class_list":["post-2994","post","type-post","status-publish","format-standard","has-post-thumbnail","hentry","category-koppzorgen","tag-ikbenopen","tag-kopp-2","tag-koppkind-2","tag-koppverleden","tag-koppvolwassen","tag-koppzorgen-2","tag-mama","tag-mentalegezondheid","tag-missen","tag-moeder","tag-rouwen","tag-suicide-3","tag-zelfdoding-2","tag-zelfverkozendood","tag-rouwverwerking"],"_links":{"self":[{"href":"https:\/\/judith-it.nl\/index.php?rest_route=\/wp\/v2\/posts\/2994","targetHints":{"allow":["GET"]}}],"collection":[{"href":"https:\/\/judith-it.nl\/index.php?rest_route=\/wp\/v2\/posts"}],"about":[{"href":"https:\/\/judith-it.nl\/index.php?rest_route=\/wp\/v2\/types\/post"}],"author":[{"embeddable":true,"href":"https:\/\/judith-it.nl\/index.php?rest_route=\/wp\/v2\/users\/1"}],"replies":[{"embeddable":true,"href":"https:\/\/judith-it.nl\/index.php?rest_route=%2Fwp%2Fv2%2Fcomments&post=2994"}],"version-history":[{"count":2,"href":"https:\/\/judith-it.nl\/index.php?rest_route=\/wp\/v2\/posts\/2994\/revisions"}],"predecessor-version":[{"id":2998,"href":"https:\/\/judith-it.nl\/index.php?rest_route=\/wp\/v2\/posts\/2994\/revisions\/2998"}],"wp:featuredmedia":[{"embeddable":true,"href":"https:\/\/judith-it.nl\/index.php?rest_route=\/wp\/v2\/media\/2995"}],"wp:attachment":[{"href":"https:\/\/judith-it.nl\/index.php?rest_route=%2Fwp%2Fv2%2Fmedia&parent=2994"}],"wp:term":[{"taxonomy":"category","embeddable":true,"href":"https:\/\/judith-it.nl\/index.php?rest_route=%2Fwp%2Fv2%2Fcategories&post=2994"},{"taxonomy":"post_tag","embeddable":true,"href":"https:\/\/judith-it.nl\/index.php?rest_route=%2Fwp%2Fv2%2Ftags&post=2994"}],"curies":[{"name":"wp","href":"https:\/\/api.w.org\/{rel}","templated":true}]}}