{"id":2647,"date":"2022-01-04T20:39:33","date_gmt":"2022-01-04T20:39:33","guid":{"rendered":"https:\/\/judith-it.nl\/?p=2647"},"modified":"2024-07-02T07:49:26","modified_gmt":"2024-07-02T07:49:26","slug":"ik-ben-dankbaar-voor","status":"publish","type":"post","link":"https:\/\/judith-it.nl\/?p=2647","title":{"rendered":"Ik ben dankbaar voor&#8230;"},"content":{"rendered":"<div class=\"wp-block-image\">\n<figure class=\"aligncenter size-full is-resized\"><img decoding=\"async\" src=\"https:\/\/judith-it.nl\/wp-content\/uploads\/2022\/01\/0.png\" alt=\"\" class=\"wp-image-2648\" style=\"width:314px;height:316px\"\/><\/figure>\n<\/div>\n\n\n<p>Aan het einde van het jaar wordt er altijd door alles- en iedereen met dankbaarheid gesmeten. Daarin wil ik ook graag mijn bijdrage even delen. Want er is een hele hoop waar ik dankbaar voor ben. Omdat ik toch nog een beetje eigenheid uit wil ademen, doe ik dit gewoon aan het begin van het jaar.<\/p>\n\n\n\n<h4 class=\"wp-block-heading\">Fijn dat ik mezelf voort kan bewegen<\/h4>\n\n\n\n<p>Om te beginnen ben ik onnoemelijk dankbaar voor het feit dat ik zelfstandig kan lopen, fietsen, springen, koppeltje duikelen\u2026 oh nee, dat laatste gaat inmiddels niet meer zo soepel. Maar goed, in theorie zou het wel kunnen. In theorie zou ik ook gestroomlijnde flikflakken en radslagen kunnen maken. Helaas is de realiteit anders. \u00a0Laten we het erop houden dat ik blij ben dat ik mezelf voort kan bewegen. Dat dekt net iets beter de lading. Toch iets om dankbaar voor te zijn.<br>Ook erg prettig dat ik mijn eigen sokken aan kan trekken, vals kan zingen en soms heel per ongeluk ook weleens zuiver\u2026 ja, dat mag best eens gezegd worden! Waar zou de wereld zonder foute grappen zijn? Erg fijn dat ik daar the queen in ben! Dankbaar ben ik dat ik tranen kan huilen van het lachen en kan lachen van het huilen. Of gewoon los van elkaar intens kan lachen of huilen. De ultieme vrijheid is dat toch?<\/p>\n\n\n\n<h4 class=\"wp-block-heading\">Zo fijn dat ik mijn eigen bipsje af kan vegen<\/h4>\n\n\n\n<p>Aan dit rijtje wil ik  graag nog toevoegen dat het ook erg fijn is dat ik mijn eigen reet af kan vegen en daarna ook nog eens zelf kan besluiten of ik mijn remsporen uitwis of lekker laat staan voor de volgende toiletganger. \u00dcberhaupt is het fijn dat ik zelf keuzes kan maken. Waarover dan ook. Over stoelgang avonturen gesproken, ik wil iets opbiechten: ik kak graag in de baas zijn tijd. Daarmee sla ik twee vliegen in \u00e9\u00e9n klap. Want ik word betaald voor een lekker potje anaal vertier, ok\u00e9\u2026 dat klinkt wat banaal. Dat rijmt dan wel weer op anaal! Dat verwoord ik even anders; ik word betaald voor een lekker potje kleien. Ja, daar ben ik heel erg dankbaar voor. Iets waar ik tijdens het afvegen van mijn bipsje onder werktijd, toch regelmatig even bij stil sta. Ik heb me vergist, d\u00edt is ultieme vrijheid. Of in ieder geval, ook.<br><\/p>\n\n\n\n<figure class=\"wp-block-pullquote\"><blockquote><p>\u2018\u2019Ik ben dankbaar dat er altijd nog wijn is. Wijn is fijn. Daar hoef ik verder niets aan uit te leggen\u2019\u2019<\/p><cite>Judith Evelien<\/cite><\/blockquote><\/figure>\n\n\n\n<p><br>Dankbaar ben ik ook voor het feit dat ik op commando kan boeren. Het heeft geen enkele meerwaarde, maar het is toch een leuk kunstje. Ik ben dankbaar dat er altijd nog wijn is. Wijn is fijn. Daar hoef ik verder niets aan uit te leggen. Ook prettig is dat ik altijd gelijk heb, behalve wanneer ik geen gelijk heb. Schoon beddengoed. Zo heerlijk dat dat bestaat! Neem ik gelijk mee dat ik blij ben dat er wasmiddel is, want zonder dat, ook geen schoon beddengoed. Lekkere luchtjes ben ik dol op. Met de nadruk op \u2018\u2019lekkere\u2019\u2019 luchtjes. Mijn neus is nogal gevoelig en pikt helaas ook de smerige luchtjes mee. Iets waar ik weer minder dankbaar voor ben. Maar goed, daar ging het nu even niet over. Parfum, showergels, geurkaarsen\u2026 ik kan er geen genoeg van krijgen! En shhht\u2026 maar die permanent markers vind ik stiekem toch ook erg lekker ruiken. Al is het ook fijn dat je daar daadwerkelijk mee kunt marken.<\/p>\n\n\n\n<h4 class=\"wp-block-heading\">Ook hiervoor ben ik dankbaar<\/h4>\n\n\n\n<p>Oh ,scheldwoorden! Zo fijn dat die er zijn. Zo lekker ontladend. Ja, soms ook ronduit aso. Voor kittige rokjes, een rood lippenstiftje en kekke pumps ben ik ook zeer erkentelijk. Even een ander woord voor dankbaar. Want nog even en dat woord begint me op mijn allergie te werken. \u2018\u2019Even\u2019\u2019 maakt hierin trouwens ook een goede kans. In het verlengde van dat rokje, is het dan weer erg fijn dat er scheermesjes bestaan voor die gladde beentjes die dan onder dat kittige rokje kunnen shinen. En panty\u2019s zijn dan natuurlijk onmisbaar.<\/p>\n\n\n\n<h4 class=\"wp-block-heading\">Het is de combinatie<\/h4>\n\n\n\n<p>Fleecedekentjes op de bank. Wat zou ik zonder moeten? In combinatie met een comfortabele pyjama, oh ja\u2026 echt wel iets om zeer erkentelijk voor te zijn. Denk daar dan nog een lekker wijntje bij en een Netflix abonnement en ik ben een gelukkig mens. Wacht\u2026 appeltaart met slagroom doet het hier ook erg goed bij. Samen met wijn? Ja hoor, geen probleem! Het ging namelijk niet om combinaties, maar om de mate van dankbaarheid. Hoewel ik nu merk dat bepaalde combinaties de mate van mijn dankbaarheid wel versterkt of vergroot. Dus nou, ja\u2026 beschouw die bewering van combinaties dan maar als niet gemaakt. Over goede combinaties gesproken. Wat dacht je van warme chocolademelk met slagroom? Of had ik dat al benoemd?<\/p>\n\n\n\n<h4 class=\"wp-block-heading\">Mijn lijst om dankbaar voor te zijn is eindeloos<\/h4>\n\n\n\n<p>Mijn lijst voor dingen om dankbaar voor te zijn is eindeloos en kan nog kilometers langer. Daar zal ik je verder niet mee vervelen. Wat zeg je nou? Je vond het een nietszeggende opsomming? Oppervlakkig zelfs? Hmm\u2026 ok\u00e9. Dat kan. Ik dacht juist dat dankbaar zijn ging om de kleine dingen die zogenaamd zo vanzelfsprekend zijn? Want niets is toch vanzelfsprekend?<br><\/p>\n\n\n\n<figure class=\"wp-block-pullquote\"><blockquote><p>&#8221;Wie het kleine niet eert,<br>is het grote niet weerd&#8221;<\/p><cite>Spreekwoord<\/cite><\/blockquote><\/figure>\n\n\n\n<p><br>Je mist mijn kinderen, mijn gezin en de dingen waar het \u00e9cht om gaat in het leven, in mijn rijtje? Ja sorry, dat vond ik zo voordehand liggend en vanzelfsprekend. Dat zijn ook geen kleine dingen, maar grootse dingen en wie het kleine niet eert, is het grote niet weerd\u2026<br><\/p>\n\n\n\n<h4 class=\"wp-block-heading\">Lees ook:<\/h4>\n\n\n\n<p><strong><a href=\"https:\/\/judith-it.nl\/?p=2657\" target=\"_blank\" rel=\"noreferrer noopener\">Ik ben ondankbaar voor&#8230; <\/a><\/strong><\/p>\n\n\n\n<hr class=\"wp-block-separator has-css-opacity\"\/>\n\n\n\n<p class=\"has-text-align-center\"><strong><em>Wil je op de hoogte blijven van nieuwe publicaties? Volg mij dan ook op Instagram: @judithevelien<\/em><\/strong><\/p>\n\n\n\n<hr class=\"wp-block-separator has-css-opacity\"\/>\n\n\n\n<figure class=\"wp-block-gallery has-nested-images columns-default is-cropped wp-block-gallery-1 is-layout-flex wp-block-gallery-is-layout-flex\">\n<figure class=\"wp-block-image size-large\"><img loading=\"lazy\" decoding=\"async\" width=\"921\" height=\"892\" data-id=\"2881\" src=\"https:\/\/judith-it.nl\/wp-content\/uploads\/2022\/07\/judithit-7.jpg\" alt=\"\" class=\"wp-image-2881\" srcset=\"https:\/\/judith-it.nl\/wp-content\/uploads\/2022\/07\/judithit-7.jpg 921w, https:\/\/judith-it.nl\/wp-content\/uploads\/2022\/07\/judithit-7-300x291.jpg 300w, https:\/\/judith-it.nl\/wp-content\/uploads\/2022\/07\/judithit-7-768x744.jpg 768w\" sizes=\"auto, (max-width: 921px) 100vw, 921px\" \/><\/figure>\n\n\n\n<figure class=\"wp-block-image size-large\"><img loading=\"lazy\" decoding=\"async\" width=\"815\" height=\"752\" data-id=\"2880\" src=\"https:\/\/judith-it.nl\/wp-content\/uploads\/2022\/07\/judithit-6.jpg\" alt=\"\" class=\"wp-image-2880\" srcset=\"https:\/\/judith-it.nl\/wp-content\/uploads\/2022\/07\/judithit-6.jpg 815w, https:\/\/judith-it.nl\/wp-content\/uploads\/2022\/07\/judithit-6-300x277.jpg 300w, https:\/\/judith-it.nl\/wp-content\/uploads\/2022\/07\/judithit-6-768x709.jpg 768w\" sizes=\"auto, (max-width: 815px) 100vw, 815px\" \/><\/figure>\n<\/figure>\n","protected":false},"excerpt":{"rendered":"<p>Aan het einde van het jaar wordt er altijd door alles- en iedereen met dankbaarheid gesmeten. Daarin wil ik ook [&hellip;]<\/p>\n","protected":false},"author":1,"featured_media":2652,"comment_status":"open","ping_status":"open","sticky":false,"template":"","format":"standard","meta":{"_exactmetrics_skip_tracking":false,"_exactmetrics_sitenote_active":false,"_exactmetrics_sitenote_note":"","_exactmetrics_sitenote_category":0,"footnotes":""},"categories":[3],"tags":[469,470,471,473,472,474],"class_list":["post-2647","post","type-post","status-publish","format-standard","has-post-thumbnail","hentry","category-hersenspinsels","tag-dankbaar","tag-dankbaarheid","tag-dankbaarzijn","tag-nietvanzelfspreken","tag-vanzelfsprekendheid","tag-wiehetkleinenieteert"],"_links":{"self":[{"href":"https:\/\/judith-it.nl\/index.php?rest_route=\/wp\/v2\/posts\/2647","targetHints":{"allow":["GET"]}}],"collection":[{"href":"https:\/\/judith-it.nl\/index.php?rest_route=\/wp\/v2\/posts"}],"about":[{"href":"https:\/\/judith-it.nl\/index.php?rest_route=\/wp\/v2\/types\/post"}],"author":[{"embeddable":true,"href":"https:\/\/judith-it.nl\/index.php?rest_route=\/wp\/v2\/users\/1"}],"replies":[{"embeddable":true,"href":"https:\/\/judith-it.nl\/index.php?rest_route=%2Fwp%2Fv2%2Fcomments&post=2647"}],"version-history":[{"count":6,"href":"https:\/\/judith-it.nl\/index.php?rest_route=\/wp\/v2\/posts\/2647\/revisions"}],"predecessor-version":[{"id":3136,"href":"https:\/\/judith-it.nl\/index.php?rest_route=\/wp\/v2\/posts\/2647\/revisions\/3136"}],"wp:featuredmedia":[{"embeddable":true,"href":"https:\/\/judith-it.nl\/index.php?rest_route=\/wp\/v2\/media\/2652"}],"wp:attachment":[{"href":"https:\/\/judith-it.nl\/index.php?rest_route=%2Fwp%2Fv2%2Fmedia&parent=2647"}],"wp:term":[{"taxonomy":"category","embeddable":true,"href":"https:\/\/judith-it.nl\/index.php?rest_route=%2Fwp%2Fv2%2Fcategories&post=2647"},{"taxonomy":"post_tag","embeddable":true,"href":"https:\/\/judith-it.nl\/index.php?rest_route=%2Fwp%2Fv2%2Ftags&post=2647"}],"curies":[{"name":"wp","href":"https:\/\/api.w.org\/{rel}","templated":true}]}}